{"id":1472,"date":"2021-07-24T20:04:03","date_gmt":"2021-07-24T20:04:03","guid":{"rendered":"https:\/\/www.ift.uam-csic.es\/severoochoa\/?p=1472"},"modified":"2021-07-24T20:04:03","modified_gmt":"2021-07-24T20:04:03","slug":"el-ift-ha-sido-galardonado-por-tercera-vez-con-el-sello-de-excelencia-severo-ochoa","status":"publish","type":"post","link":"https:\/\/www.ift.uam-csic.es\/severoochoa\/es\/el-ift-ha-sido-galardonado-por-tercera-vez-con-el-sello-de-excelencia-severo-ochoa\/","title":{"rendered":"El IFT ha sido galardonado por tercera vez con el Sello de Excelencia Severo Ochoa"},"content":{"rendered":"<p>El Ministerio de Ciencia e Innovaci\u00f3n ha publicado hoy la resoluci\u00f3n provisional en la que el Instituto de F\u00edsica Te\u00f3rica IFT UAM-CSIC renueva su Sello de Excelencia por 4 a\u00f1os m\u00e1s. El IFT fue galardonado con la Distinci\u00f3n Severo Ochoa por primera vez en su edici\u00f3n 2012. La financiaci\u00f3n del Programa Severo Ochoa del IFT, SO (IFT), comenz\u00f3 el 1 de Julio de 2013 y finalizar\u00e1 el 31 de Diciembre de 2025, incluyendo esta extensi\u00f3n.<\/p>\n<p>Solo unos pocos centros de investigaci\u00f3n en Espa\u00f1a han recibido esta financiaci\u00f3n por tercera vez.<\/p>\n<p>M\u00e1s informaci\u00f3n <a href=\"http:\/\/www.aei.gob.es\/portal\/site\/MICINN\/menuitem.791459a43fdf738d70fd325001432ea0\/?vgnextoid=7331309550af5710VgnVCM1000001d04140aRCRD&#038;vgnextchannel=76190d5a07de6610VgnVCM1000001d04140aRCRD&#038;vgnextfmt=formato2&#038;id3=4067b260f6128710VgnVCM1000001d04140a____%20\">aqu\u00ed<\/a><\/p>\n","protected":false},"excerpt":{"rendered":"<p>El Ministerio de Ciencia e Innovaci\u00f3n ha publicado hoy la resoluci\u00f3n provisional en la que el Instituto de F\u00edsica Te\u00f3rica [&hellip;]<\/p>\n","protected":false},"author":3,"featured_media":20,"comment_status":"closed","ping_status":"closed","sticky":false,"template":"","format":"standard","meta":[],"categories":[43],"tags":[],"yoast_head":"<!-- This site is optimized with the Yoast SEO plugin v16.0.2 - https:\/\/yoast.com\/wordpress\/plugins\/seo\/ -->\n<title>El IFT ha sido galardonado por tercera vez con el Sello de Excelencia Severo Ochoa - Severo Ochoa<\/title>\n<link rel=\"canonical\" href=\"https:\/\/www.ift.uam-csic.es\/severoochoa\/es\/el-ift-ha-sido-galardonado-por-tercera-vez-con-el-sello-de-excelencia-severo-ochoa\/\" \/>\n<meta property=\"og:locale\" content=\"es_ES\" \/>\n<meta property=\"og:type\" content=\"article\" \/>\n<meta property=\"og:title\" content=\"El IFT ha sido galardonado por tercera vez con el Sello de Excelencia Severo Ochoa - Severo Ochoa\" \/>\n<meta property=\"og:description\" content=\"El Ministerio de Ciencia e Innovaci\u00f3n ha publicado hoy la resoluci\u00f3n provisional en la que el Instituto de F\u00edsica Te\u00f3rica [&hellip;]\" \/>\n<meta property=\"og:url\" content=\"https:\/\/www.ift.uam-csic.es\/severoochoa\/es\/el-ift-ha-sido-galardonado-por-tercera-vez-con-el-sello-de-excelencia-severo-ochoa\/\" \/>\n<meta property=\"og:site_name\" content=\"Severo Ochoa\" \/>\n<meta property=\"article:publisher\" content=\"https:\/\/www.facebook.com\/IFT-444787088891187\/\" \/>\n<meta property=\"article:published_time\" content=\"2021-07-24T20:04:03+00:00\" \/>\n<meta property=\"og:image\" content=\"https:\/\/www.ift.uam-csic.es\/severoochoa\/wp-content\/uploads\/2017\/07\/severoOchoa.png\" \/>\n\t<meta property=\"og:image:width\" content=\"177\" \/>\n\t<meta property=\"og:image:height\" content=\"100\" \/>\n<meta name=\"twitter:card\" content=\"summary\" \/>\n<meta name=\"twitter:creator\" content=\"@IFT_UAM_CSIC\" \/>\n<meta name=\"twitter:site\" content=\"@IFT_UAM_CSIC\" \/>\n<meta name=\"twitter:label1\" content=\"Est. reading time\">\n\t<meta name=\"twitter:data1\" content=\"1 minuto\">\n<script type=\"application\/ld+json\" class=\"yoast-schema-graph\">{\"@context\":\"https:\/\/schema.org\",\"@graph\":[{\"@type\":\"WebSite\",\"@id\":\"https:\/\/www.ift.uam-csic.es\/severoochoa\/en\/introduction\/#website\",\"url\":\"https:\/\/www.ift.uam-csic.es\/severoochoa\/en\/introduction\/\",\"name\":\"Severo Ochoa\",\"description\":\"Severo Ochoa website of IFT\",\"potentialAction\":[{\"@type\":\"SearchAction\",\"target\":\"https:\/\/www.ift.uam-csic.es\/severoochoa\/en\/introduction\/?s={search_term_string}\",\"query-input\":\"required name=search_term_string\"}],\"inLanguage\":\"es\"},{\"@type\":\"ImageObject\",\"@id\":\"https:\/\/www.ift.uam-csic.es\/severoochoa\/es\/el-ift-ha-sido-galardonado-por-tercera-vez-con-el-sello-de-excelencia-severo-ochoa\/#primaryimage\",\"inLanguage\":\"es\",\"url\":\"https:\/\/www.ift.uam-csic.es\/severoochoa\/wp-content\/uploads\/2017\/07\/severoOchoa.png\",\"width\":177,\"height\":100},{\"@type\":\"WebPage\",\"@id\":\"https:\/\/www.ift.uam-csic.es\/severoochoa\/es\/el-ift-ha-sido-galardonado-por-tercera-vez-con-el-sello-de-excelencia-severo-ochoa\/#webpage\",\"url\":\"https:\/\/www.ift.uam-csic.es\/severoochoa\/es\/el-ift-ha-sido-galardonado-por-tercera-vez-con-el-sello-de-excelencia-severo-ochoa\/\",\"name\":\"El IFT ha sido galardonado por tercera vez con el Sello de Excelencia Severo Ochoa - Severo Ochoa\",\"isPartOf\":{\"@id\":\"https:\/\/www.ift.uam-csic.es\/severoochoa\/en\/introduction\/#website\"},\"primaryImageOfPage\":{\"@id\":\"https:\/\/www.ift.uam-csic.es\/severoochoa\/es\/el-ift-ha-sido-galardonado-por-tercera-vez-con-el-sello-de-excelencia-severo-ochoa\/#primaryimage\"},\"datePublished\":\"2021-07-24T20:04:03+00:00\",\"dateModified\":\"2021-07-24T20:04:03+00:00\",\"author\":{\"@id\":\"https:\/\/www.ift.uam-csic.es\/severoochoa\/en\/introduction\/#\/schema\/person\/3ed6d7a4cb7c0cc74471e4355c7f2d0d\"},\"breadcrumb\":{\"@id\":\"https:\/\/www.ift.uam-csic.es\/severoochoa\/es\/el-ift-ha-sido-galardonado-por-tercera-vez-con-el-sello-de-excelencia-severo-ochoa\/#breadcrumb\"},\"inLanguage\":\"es\",\"potentialAction\":[{\"@type\":\"ReadAction\",\"target\":[\"https:\/\/www.ift.uam-csic.es\/severoochoa\/es\/el-ift-ha-sido-galardonado-por-tercera-vez-con-el-sello-de-excelencia-severo-ochoa\/\"]}]},{\"@type\":\"BreadcrumbList\",\"@id\":\"https:\/\/www.ift.uam-csic.es\/severoochoa\/es\/el-ift-ha-sido-galardonado-por-tercera-vez-con-el-sello-de-excelencia-severo-ochoa\/#breadcrumb\",\"itemListElement\":[{\"@type\":\"ListItem\",\"position\":1,\"item\":{\"@type\":\"WebPage\",\"@id\":\"https:\/\/www.ift.uam-csic.es\/severoochoa\/es\/introduccion\/\",\"url\":\"https:\/\/www.ift.uam-csic.es\/severoochoa\/es\/introduccion\/\",\"name\":\"Portada\"}},{\"@type\":\"ListItem\",\"position\":2,\"item\":{\"@type\":\"WebPage\",\"@id\":\"https:\/\/www.ift.uam-csic.es\/severoochoa\/es\/el-ift-ha-sido-galardonado-por-tercera-vez-con-el-sello-de-excelencia-severo-ochoa\/\",\"url\":\"https:\/\/www.ift.uam-csic.es\/severoochoa\/es\/el-ift-ha-sido-galardonado-por-tercera-vez-con-el-sello-de-excelencia-severo-ochoa\/\",\"name\":\"El IFT ha sido galardonado por tercera vez con el Sello de Excelencia Severo Ochoa\"}}]},{\"@type\":\"Person\",\"@id\":\"https:\/\/www.ift.uam-csic.es\/severoochoa\/en\/introduction\/#\/schema\/person\/3ed6d7a4cb7c0cc74471e4355c7f2d0d\",\"name\":\"Comunicaci\\u00f3n\",\"image\":{\"@type\":\"ImageObject\",\"@id\":\"https:\/\/www.ift.uam-csic.es\/severoochoa\/en\/introduction\/#personlogo\",\"inLanguage\":\"es\",\"url\":\"https:\/\/secure.gravatar.com\/avatar\/796128369059c0ce9dc1efe2aa1e46ec?s=96&d=mm&r=g\",\"caption\":\"Comunicaci\\u00f3n\"}}]}<\/script>\n<!-- \/ Yoast SEO plugin. -->","_links":{"self":[{"href":"https:\/\/www.ift.uam-csic.es\/severoochoa\/wp-json\/wp\/v2\/posts\/1472"}],"collection":[{"href":"https:\/\/www.ift.uam-csic.es\/severoochoa\/wp-json\/wp\/v2\/posts"}],"about":[{"href":"https:\/\/www.ift.uam-csic.es\/severoochoa\/wp-json\/wp\/v2\/types\/post"}],"author":[{"embeddable":true,"href":"https:\/\/www.ift.uam-csic.es\/severoochoa\/wp-json\/wp\/v2\/users\/3"}],"replies":[{"embeddable":true,"href":"https:\/\/www.ift.uam-csic.es\/severoochoa\/wp-json\/wp\/v2\/comments?post=1472"}],"version-history":[{"count":1,"href":"https:\/\/www.ift.uam-csic.es\/severoochoa\/wp-json\/wp\/v2\/posts\/1472\/revisions"}],"predecessor-version":[{"id":1473,"href":"https:\/\/www.ift.uam-csic.es\/severoochoa\/wp-json\/wp\/v2\/posts\/1472\/revisions\/1473"}],"wp:featuredmedia":[{"embeddable":true,"href":"https:\/\/www.ift.uam-csic.es\/severoochoa\/wp-json\/wp\/v2\/media\/20"}],"wp:attachment":[{"href":"https:\/\/www.ift.uam-csic.es\/severoochoa\/wp-json\/wp\/v2\/media?parent=1472"}],"wp:term":[{"taxonomy":"category","embeddable":true,"href":"https:\/\/www.ift.uam-csic.es\/severoochoa\/wp-json\/wp\/v2\/categories?post=1472"},{"taxonomy":"post_tag","embeddable":true,"href":"https:\/\/www.ift.uam-csic.es\/severoochoa\/wp-json\/wp\/v2\/tags?post=1472"}],"curies":[{"name":"wp","href":"https:\/\/api.w.org\/{rel}","templated":true}]}}